{"id":59,"date":"2016-02-17T22:23:38","date_gmt":"2016-02-17T21:23:38","guid":{"rendered":"https:\/\/www.mimirooms.it\/IT\/?p=59"},"modified":"2016-02-22T12:07:40","modified_gmt":"2016-02-22T11:07:40","slug":"il-poetto","status":"publish","type":"post","link":"https:\/\/www.mimirooms.it\/IT\/2016\/02\/17\/il-poetto\/","title":{"rendered":"Il Poetto"},"content":{"rendered":"<div  class=\"wpb_row clr vc_row-fluid \" ><div class=\" vcex-row-bg-container clr   \"  style=\"background-color: rgba(255,255,255,0.9);padding-top: 5px;padding-bottom: 5px;padding-left: 5px;padding-right: 5px;\"><div class=\"vcex-row-bg-container-inner clr\">\n\t<div class=\"vc_span12 wpb_column column_container   \"><div class=\"clr vcex-skin-default \" >\n\t\t\t\n\t<div class=\"wpb_text_column wpb_content_element \">\n\t\t<div class=\"wpb_wrapper\">\n\t\t\t<p style=\"text-align: justify;\"><span style=\"text-decoration: underline;\"><img loading=\"lazy\" decoding=\"async\" class=\"alignleft size-medium wp-image-60\" src=\"https:\/\/www.mimirooms.it\/IT\/wp-content\/uploads\/2016\/02\/PoettoSella-300x180.jpg\" alt=\"PoettoSella\" width=\"300\" height=\"180\" srcset=\"https:\/\/www.mimirooms.it\/IT\/wp-content\/uploads\/2016\/02\/PoettoSella-300x180.jpg 300w, https:\/\/www.mimirooms.it\/IT\/wp-content\/uploads\/2016\/02\/PoettoSella-768x460.jpg 768w, https:\/\/www.mimirooms.it\/IT\/wp-content\/uploads\/2016\/02\/PoettoSella.jpg 1024w\" sizes=\"auto, (max-width: 300px) 100vw, 300px\" \/><\/span>Il Poetto (Poettu in sardo) \u00e8 la principale spiaggia di Cagliari che si estende per circa otto chilometri, dalla Sella del Diavolo sino al litorale di Quartu Sant&#8217;Elena. Il Poetto \u00e8 anche il quartiere ubicato nel tratto occidentale della striscia compresa fra la spiaggia e le saline di Molentargius.<\/p>\n<p style=\"text-align: justify;\">Il nome della spiaggia si pensa derivi da una torre aragonese denominata &#8220;del Poeta&#8221;, che si pu\u00f2 osservare ancora oggi sopra la Sella del Diavolo. Un&#8217;altra ipotesi \u00e8 che derivi dal catalano pohuet (pozzetto), in riferimento ai numerosi pozzi e cisterne per la conservazione dell&#8217;acqua piovana sparsi sulla Sella del Diavolo. Inoltre, verosimilmente, il termine potrebbe derivare dallo spagnolo puerto (&#8220;porto&#8221;) ad indicare l&#8217;approdo di Marina Piccola a ridosso della Sella del Diavolo. La localit\u00e0 sarebbe stata chiamata dai cagliaritani pue(r)to, pue(r)tu o pue(r)ttu, cos\u00ec come viene detta tuttora. Finita la dominazione spagnola, i piemontesi italianizzarono molti termini derivati dallo spagnolo e &#8220;puettu&#8221; divent\u00f2 Poetto nella lingua del regno.<\/p>\n<p style=\"text-align: justify;\">Prima del 1900 il Poetto era completamente nel comprensorio della citt\u00e0 di Quartu Sant&#8217;Elena e non era particolarmente frequentato dai cagliaritani che preferivano il tratto occidentale del golfo, con le localit\u00e0 di Sa Perdixedda e Giorgino. Fu nei primi decenni del ventesimo secolo che la popolazione inizi\u00f2 ad apprezzare le bianche dune del Poetto e cominciarono a sorgere i primi stabilimenti balneari (il &#8220;Lido&#8221; e il &#8220;D&#8217;Aquila&#8221;), i chioschetti per i rinfreschi e durante il ventennio fascista una colonia estiva ubicata in una costruzione a tre piani sulla spiaggia (questa verr\u00e0 poi trasformata in ospedale dopo la guerra ed in seguito abbandonata). Imitando le prime cabine del Lido sorsero anche i casotti, colorate costruzioni in legno a met\u00e0 strada tra lo spogliatoio e la minuscola casa in riva al mare, che vennero rimossi interamente nel 1986 per motivi di natura igienico-sanitaria.<\/p>\n<p style=\"text-align: justify;\">La Sella del Diavolo e la spiaggia del Poetto<br \/>\nLo studio del 1989 della Mediterranea Survey and Service MSS S.p.A. sull&#8217;erosione del Poetto, attraverso una serie di rilevazioni consent\u00ec di constatare che l&#8217;enorme degrado dell&#8217;arenile cagliaritano inizi\u00f2 dagli anni &#8217;50 con la ricostruzione che port\u00f2 a massicci prelievi di sabbia; nel 1997 e nel 1999 furono effettuati dalla stessa societ\u00e0 degli aggiornamenti allo studio che confermarono il trend dell&#8217;erosione, e identificarono quali cause del degrado la presenza della strada litoranea, l&#8217;incremento dell&#8217;azione ondosa a causa della scomparsa della Posidonia oceanica, e la costruzione degli stabilimenti e dei bracci a mare del Lido e D&#8217;Aquila, dei casotti e delle villette.<\/p>\n<p style=\"text-align: justify;\">Vista aerea del Poetto.<br \/>\nPer rimediare alla scomparsa della spiaggia del versante cagliaritano si \u00e8 tentato un ripascimento nel 2002: attraverso un sistema di draghe, \u00e8 stata prelevata la sabbia a qualche centinaio di metri dalla riva anzich\u00e9 dal luogo precedentemente scelto a varie miglia dalla spiaggia, vanificando cos\u00ec la buona intenzione di riportare il Poetto alle sue originaria bellezza e dimensione. Infatti il risultato si \u00e8 dimostrato sconvolgente: la sabbia finissima e bianca di una volta \u00e8 stata sostituita da un miscuglio completamente diverso per colore e granulometria, contenente non solo sabbia ma anche frammenti di conchiglie e concrezioni marine. A distanza di tempo la situazione non \u00e8 migliorata; inoltre anche che il tratto quartese, in un primo momento rimasto intatto, dopo qualche anno ha cominciato a presentare gli stessi problemi dovuti all&#8217;asportazione della sabbia ad opera del vento, degli uomini e naturalmente del mare.<\/p>\n<p style=\"text-align: justify;\">A gennaio 2012, per la prima volta dopo l&#8217;operazione di ripascimento, la spiaggia recupera metri, anche dieci in alcuni punti, come segnalato dall&#8217;Urban Center di Cagliari.Tuttavia, nel 2013, la forza erosiva delle correnti, sommata alla cattiva gestione e ai mancati studi sui processi erosivi, ha riportato la situazione a prima del 2002.<\/p>\n\n\t\t<\/div> \n\t<\/div> <\/div>\n\t<\/div> \n<\/div><\/div><\/div>\n","protected":false},"excerpt":{"rendered":"Il Poetto (Poettu in sardo) \u00e8 la principale spiaggia di Cagliari che si estende per circa otto chilometri, dalla Sella del Diavolo sino al litorale di Quartu Sant'Elena. Il Poetto \u00e8 anche il quartiere ubicato nel tratto occidentale della striscia compresa fra la spiaggia e le saline di Molentargius. Il nome della spiaggia si pensa derivi da una torre aragonese denominata \"del Poeta\", che si...","protected":false},"author":1,"featured_media":60,"comment_status":"closed","ping_status":"closed","sticky":false,"template":"","format":"standard","meta":{"_joinchat":[],"footnotes":""},"categories":[3],"tags":[],"class_list":["post-59","post","type-post","status-publish","format-standard","has-post-thumbnail","hentry","category-da-vedere","blog-entry clr","col","span_1_of_3","grid-entry-style"],"_links":{"self":[{"href":"https:\/\/www.mimirooms.it\/IT\/wp-json\/wp\/v2\/posts\/59","targetHints":{"allow":["GET"]}}],"collection":[{"href":"https:\/\/www.mimirooms.it\/IT\/wp-json\/wp\/v2\/posts"}],"about":[{"href":"https:\/\/www.mimirooms.it\/IT\/wp-json\/wp\/v2\/types\/post"}],"author":[{"embeddable":true,"href":"https:\/\/www.mimirooms.it\/IT\/wp-json\/wp\/v2\/users\/1"}],"replies":[{"embeddable":true,"href":"https:\/\/www.mimirooms.it\/IT\/wp-json\/wp\/v2\/comments?post=59"}],"version-history":[{"count":3,"href":"https:\/\/www.mimirooms.it\/IT\/wp-json\/wp\/v2\/posts\/59\/revisions"}],"predecessor-version":[{"id":178,"href":"https:\/\/www.mimirooms.it\/IT\/wp-json\/wp\/v2\/posts\/59\/revisions\/178"}],"wp:featuredmedia":[{"embeddable":true,"href":"https:\/\/www.mimirooms.it\/IT\/wp-json\/wp\/v2\/media\/60"}],"wp:attachment":[{"href":"https:\/\/www.mimirooms.it\/IT\/wp-json\/wp\/v2\/media?parent=59"}],"wp:term":[{"taxonomy":"category","embeddable":true,"href":"https:\/\/www.mimirooms.it\/IT\/wp-json\/wp\/v2\/categories?post=59"},{"taxonomy":"post_tag","embeddable":true,"href":"https:\/\/www.mimirooms.it\/IT\/wp-json\/wp\/v2\/tags?post=59"}],"curies":[{"name":"wp","href":"https:\/\/api.w.org\/{rel}","templated":true}]}}