{"id":54,"date":"2016-02-17T22:21:01","date_gmt":"2016-02-17T21:21:01","guid":{"rendered":"https:\/\/www.mimirooms.it\/IT\/?p=54"},"modified":"2016-02-22T12:09:21","modified_gmt":"2016-02-22T11:09:21","slug":"bastione","status":"publish","type":"post","link":"https:\/\/www.mimirooms.it\/IT\/2016\/02\/17\/bastione\/","title":{"rendered":"Bastione di Saint Remy"},"content":{"rendered":"<div  class=\"wpb_row clr vc_row-fluid \" ><div class=\" vcex-row-bg-container clr   \"  style=\"background-color: rgba(255,255,255,0.9);padding-top: 5px;padding-bottom: 5px;padding-left: 5px;padding-right: 5px;\"><div class=\"vcex-row-bg-container-inner clr\">\n\t<div class=\"vc_span12 wpb_column column_container   \"><div class=\"clr vcex-skin-default \" >\n\t\t\t\n\t<div class=\"wpb_text_column wpb_content_element \">\n\t\t<div class=\"wpb_wrapper\">\n\t\t\t<p>I<img loading=\"lazy\" decoding=\"async\" class=\"alignleft size-medium wp-image-55\" src=\"https:\/\/www.mimirooms.it\/IT\/wp-content\/uploads\/2016\/02\/bastionecagliari-300x162.jpg\" alt=\"bastionecagliari\" width=\"300\" height=\"162\" srcset=\"https:\/\/www.mimirooms.it\/IT\/wp-content\/uploads\/2016\/02\/bastionecagliari-300x162.jpg 300w, https:\/\/www.mimirooms.it\/IT\/wp-content\/uploads\/2016\/02\/bastionecagliari.jpg 305w\" sizes=\"auto, (max-width: 300px) 100vw, 300px\" \/>l bastione di Saint Remy \u00e8 una delle fortificazioni pi\u00f9 importanti di Cagliari, situata nel quartiere Castello. Il nome deriva dal primo vicer\u00e9 piemontese, Filippo-Guglielmo Pallavicini, barone di Saint Remy. Alla fine del XIX secolo venne monumentalmente trasformato in una scalinata, sormontata dall&#8217;arco di Trionfo, che d\u00e0 accesso ad una passeggiata coperta e ad una grande terrazza panoramica.<\/p>\n<p>Venne costruito alla fine del XIX secolo sulle mura antiche della citt\u00e0, risalenti agli inizi del XIV secolo, collegando fra loro i tre bastioni meridionali della Zecca, di Santa Caterina e dello Sperone, per unire il quartiere Castello con quelli sottostanti di Villanova e Marina.<\/p>\n<p>La passeggiata coperta e la terrazza Umberto I, quest&#8217;ultima edificata sul vecchio bastione dello Sperone, vennero progettate nel 1896 dall&#8217;ingegnere Giuseppe Costa e da Fulgenzio Setti. Tutto l&#8217;edificio, \u00e8 fatto in stile classicheggiante, con colonne corinzie, e fu costruito in Pietra Forte, un calcare bianco e giallo. Fu inaugurato nel 1901. La scalinata a doppia rampa, con la quale si entra dalla piazza Costituzione, si interrompe nella passeggiata coperta, e si conclude sotto l&#8217;arco di Trionfo, nella terrazza Umberto I. Nel 1943, la scalinata e l&#8217;Arco di trionfo vennero danneggiati gravemente dalle bombe della Seconda guerra mondiale, ma finita la guerra vennero fedelmente ricostruiti.<\/p>\n<p>Dalla terrazza Umberto I si accede, attraverso una breve gradinata, al bastione di Santa Caterina, dove sorgeva un vecchio convento delle domenicane, distrutto da un incendio nel 1800. Si narra che negli ambienti austeri del convento si prepar\u00f2 la congiura per uccidere il vicer\u00e9 Camarassa nel 1668, il pi\u00f9 clamoroso episodio di sangue nella storia della citt\u00e0 durante il governo spagnolo.<\/p>\n<p>La passeggiata coperta da quando fu inaugurata, nel 1902, \u00e8 stata variamente utilizzata. All&#8217;inizio fu utilizzata come sala dei banchetti, poi durante la prima guerra mondiale si utilizz\u00f2 come infermeria. Negli anni trenta, nel periodo delle sanzioni, venne allestita la mostra dell&#8217;autarchia. Nel corso della seconda guerra mondiale fu adoperato come rifugio agli sfollati le cui case vennero distrutte dalle bombe. Nel 1948 ospit\u00f2 la prima Fiera campionaria della Sardegna. Dopo molti anni di abbandono, la passeggiata fu restaurata e rivalutata come spazio culturale riservato in particolare a mostre artistiche.<\/p>\n\n\t\t<\/div> \n\t<\/div> <\/div>\n\t<\/div> \n<\/div><\/div><\/div>\n","protected":false},"excerpt":{"rendered":"Il bastione di Saint Remy \u00e8 una delle fortificazioni pi\u00f9 importanti di Cagliari, situata nel quartiere Castello. Il nome deriva dal primo vicer\u00e9 piemontese, Filippo-Guglielmo Pallavicini, barone di Saint Remy. Alla fine del XIX secolo venne monumentalmente trasformato in una scalinata, sormontata dall'arco di Trionfo, che d\u00e0 accesso ad una passeggiata coperta e ad una grande terrazza panoramica. Venne costruito alla fine del XIX secolo...","protected":false},"author":1,"featured_media":55,"comment_status":"closed","ping_status":"closed","sticky":false,"template":"","format":"standard","meta":{"_joinchat":[],"footnotes":""},"categories":[1],"tags":[],"class_list":["post-54","post","type-post","status-publish","format-standard","has-post-thumbnail","hentry","category-eventi-cagliari","blog-entry clr","col","span_1_of_3","grid-entry-style"],"_links":{"self":[{"href":"https:\/\/www.mimirooms.it\/IT\/wp-json\/wp\/v2\/posts\/54","targetHints":{"allow":["GET"]}}],"collection":[{"href":"https:\/\/www.mimirooms.it\/IT\/wp-json\/wp\/v2\/posts"}],"about":[{"href":"https:\/\/www.mimirooms.it\/IT\/wp-json\/wp\/v2\/types\/post"}],"author":[{"embeddable":true,"href":"https:\/\/www.mimirooms.it\/IT\/wp-json\/wp\/v2\/users\/1"}],"replies":[{"embeddable":true,"href":"https:\/\/www.mimirooms.it\/IT\/wp-json\/wp\/v2\/comments?post=54"}],"version-history":[{"count":4,"href":"https:\/\/www.mimirooms.it\/IT\/wp-json\/wp\/v2\/posts\/54\/revisions"}],"predecessor-version":[{"id":179,"href":"https:\/\/www.mimirooms.it\/IT\/wp-json\/wp\/v2\/posts\/54\/revisions\/179"}],"wp:featuredmedia":[{"embeddable":true,"href":"https:\/\/www.mimirooms.it\/IT\/wp-json\/wp\/v2\/media\/55"}],"wp:attachment":[{"href":"https:\/\/www.mimirooms.it\/IT\/wp-json\/wp\/v2\/media?parent=54"}],"wp:term":[{"taxonomy":"category","embeddable":true,"href":"https:\/\/www.mimirooms.it\/IT\/wp-json\/wp\/v2\/categories?post=54"},{"taxonomy":"post_tag","embeddable":true,"href":"https:\/\/www.mimirooms.it\/IT\/wp-json\/wp\/v2\/tags?post=54"}],"curies":[{"name":"wp","href":"https:\/\/api.w.org\/{rel}","templated":true}]}}